{"id":4344,"date":"2025-07-25T07:21:21","date_gmt":"2025-07-25T06:21:21","guid":{"rendered":"http:\/\/wordpress.kssc.de\/?p=4344"},"modified":"2025-07-25T07:24:04","modified_gmt":"2025-07-25T06:24:04","slug":"dagmar-mir-dfb-eap-und-jerik-mit-shfv-young-stars-geehrt","status":"publish","type":"post","link":"http:\/\/wordpress.kssc.de\/?p=4344","title":{"rendered":"Dagmar mit DFB-EAP und Jerik mit SHFV-Young Stars geehrt"},"content":{"rendered":"<div class=\"wp-block-image\">\n<figure class=\"aligncenter size-large\"><a href=\"http:\/\/wordpress.kssc.de\/wp-content\/uploads\/2025\/07\/2025_KSSC-JHV-Ehrungen-scaled.jpg\"><img loading=\"lazy\" decoding=\"async\" width=\"1024\" height=\"574\" src=\"http:\/\/wordpress.kssc.de\/wp-content\/uploads\/2025\/07\/2025_KSSC-JHV-Ehrungen-1024x574.jpg\" alt=\"\" class=\"wp-image-4346\" srcset=\"http:\/\/wordpress.kssc.de\/wp-content\/uploads\/2025\/07\/2025_KSSC-JHV-Ehrungen-1024x574.jpg 1024w, http:\/\/wordpress.kssc.de\/wp-content\/uploads\/2025\/07\/2025_KSSC-JHV-Ehrungen-300x168.jpg 300w, http:\/\/wordpress.kssc.de\/wp-content\/uploads\/2025\/07\/2025_KSSC-JHV-Ehrungen-768x431.jpg 768w, http:\/\/wordpress.kssc.de\/wp-content\/uploads\/2025\/07\/2025_KSSC-JHV-Ehrungen-1536x861.jpg 1536w, http:\/\/wordpress.kssc.de\/wp-content\/uploads\/2025\/07\/2025_KSSC-JHV-Ehrungen-2048x1148.jpg 2048w\" sizes=\"auto, (max-width: 1024px) 100vw, 1024px\" \/><\/a><\/figure>\n<\/div>\n\n<div class=\"wp-block-image\">\n<figure class=\"alignright size-large is-resized\"><a href=\"http:\/\/wordpress.kssc.de\/wp-content\/uploads\/2025\/07\/2025_KSSC-JHV_DFB-EAP-Dagmar-Rohde_Club-100.png\"><img loading=\"lazy\" decoding=\"async\" width=\"1024\" height=\"887\" src=\"http:\/\/wordpress.kssc.de\/wp-content\/uploads\/2025\/07\/2025_KSSC-JHV_DFB-EAP-Dagmar-Rohde_Club-100-1024x887.png\" alt=\"\" class=\"wp-image-4347\" style=\"width:302px;height:auto\" srcset=\"http:\/\/wordpress.kssc.de\/wp-content\/uploads\/2025\/07\/2025_KSSC-JHV_DFB-EAP-Dagmar-Rohde_Club-100-1024x887.png 1024w, http:\/\/wordpress.kssc.de\/wp-content\/uploads\/2025\/07\/2025_KSSC-JHV_DFB-EAP-Dagmar-Rohde_Club-100-300x260.png 300w, http:\/\/wordpress.kssc.de\/wp-content\/uploads\/2025\/07\/2025_KSSC-JHV_DFB-EAP-Dagmar-Rohde_Club-100-768x665.png 768w, http:\/\/wordpress.kssc.de\/wp-content\/uploads\/2025\/07\/2025_KSSC-JHV_DFB-EAP-Dagmar-Rohde_Club-100.png 1206w\" sizes=\"auto, (max-width: 1024px) 100vw, 1024px\" \/><\/a><\/figure>\n<\/div>\n\n\n<p>Auf der diesj\u00e4hrigen Jahreshauptversammlung des Kabelhorst-Schwienkuhler SC konnte der 1. Vorsitzender Axel Rohde neben zahlreichen Mitglieder auch den B\u00fcrgermeister Sven Pr\u00fcss begr\u00fc\u00dfen. Axel Rohde sprach seinen Dank aus an all die Helfer und diejenigen, die ein Amt im Verein bekleiden und daf\u00fcr Ihre Freizeit ehrenamtlich opfern. <br>Nach dem Kassenbericht und den Berichten von Trainer Reimund Pries (Herren) und Walking Football-Obmann Axel Rohde (Altliga + Walking Football) ging es zu den Wahlen. Dort wurden Axel Rohde (1. Vorsitzender), Dagmar Rohde (Schriftf\u00fchrerin) und Florian B\u00f6hm (Fu\u00dfballobmann) weiterhin einstimmig das Vertrauen ausgesprochen. Neuer Kassenpr\u00fcfer wurde Christian Lunau. <br>Dann folgte der Punkt Ehrungen. <br>Die Landesehrenamtsbeauftragte vom SHFV Ulrike Krieger und Roland Epp vom KFV Ostholstein verliehen <strong>Dagmar Rohde<\/strong> den DFB-Ehrenamtspreis. F\u00fcr ihre ehrenamtlichen Leistungen ist sie sogar in den Club 100 des DFB gew\u00e4hlt worden. <br>Au\u00dferdem wurde <strong>Jerik Eckloff<\/strong> Kreissieger bei den SHFV-YoungStars. Mit der SHFV-Leistungsnadel in Bronze wurden folgende KSSC-Sportler ausgezeichnet: <strong>Benjamin David, Oliver Bahr, Michael Pr\u00fcss und S\u00f6nke Zybnti<\/strong>. <br><strong>Christian Sewerin<\/strong> wurde f\u00fcr jahrelange Vorstandsarbeit die bronzene Ehrennadel des SHFV verliehen. <br>Folgende KSSC-Mitglieder wurden an dem Abend f\u00fcr ihre langj\u00e4hrige Treue geehrt: <strong>Michael Pr\u00fcss<\/strong> f\u00fcr 25 Jahre und <strong>Reimund Pries<\/strong> f\u00fcr 10 Jahre.<\/p>\n","protected":false},"excerpt":{"rendered":"<p>Auf der diesj\u00e4hrigen Jahreshauptversammlung des Kabelhorst-Schwienkuhler SC konnte der 1. Vorsitzender Axel Rohde neben zahlreichen Mitglieder auch den B\u00fcrgermeister Sven Pr\u00fcss begr\u00fc\u00dfen. Axel Rohde sprach seinen Dank aus an all &hellip; <a href=\"http:\/\/wordpress.kssc.de\/?p=4344\" class=\"more-link\"><span class=\"screen-reader-text\">Dagmar mit DFB-EAP und Jerik mit SHFV-Young Stars geehrt<\/span> weiterlesen <span class=\"meta-nav\">&rarr;<\/span><\/a><\/p>\n","protected":false},"author":2,"featured_media":0,"comment_status":"open","ping_status":"open","sticky":false,"template":"","format":"standard","meta":{"footnotes":""},"categories":[1],"tags":[],"class_list":["post-4344","post","type-post","status-publish","format-standard","hentry","category-uncategorized"],"_links":{"self":[{"href":"http:\/\/wordpress.kssc.de\/index.php?rest_route=\/wp\/v2\/posts\/4344","targetHints":{"allow":["GET"]}}],"collection":[{"href":"http:\/\/wordpress.kssc.de\/index.php?rest_route=\/wp\/v2\/posts"}],"about":[{"href":"http:\/\/wordpress.kssc.de\/index.php?rest_route=\/wp\/v2\/types\/post"}],"author":[{"embeddable":true,"href":"http:\/\/wordpress.kssc.de\/index.php?rest_route=\/wp\/v2\/users\/2"}],"replies":[{"embeddable":true,"href":"http:\/\/wordpress.kssc.de\/index.php?rest_route=%2Fwp%2Fv2%2Fcomments&post=4344"}],"version-history":[{"count":4,"href":"http:\/\/wordpress.kssc.de\/index.php?rest_route=\/wp\/v2\/posts\/4344\/revisions"}],"predecessor-version":[{"id":4351,"href":"http:\/\/wordpress.kssc.de\/index.php?rest_route=\/wp\/v2\/posts\/4344\/revisions\/4351"}],"wp:attachment":[{"href":"http:\/\/wordpress.kssc.de\/index.php?rest_route=%2Fwp%2Fv2%2Fmedia&parent=4344"}],"wp:term":[{"taxonomy":"category","embeddable":true,"href":"http:\/\/wordpress.kssc.de\/index.php?rest_route=%2Fwp%2Fv2%2Fcategories&post=4344"},{"taxonomy":"post_tag","embeddable":true,"href":"http:\/\/wordpress.kssc.de\/index.php?rest_route=%2Fwp%2Fv2%2Ftags&post=4344"}],"curies":[{"name":"wp","href":"https:\/\/api.w.org\/{rel}","templated":true}]}}