{"id":3507,"date":"2019-10-31T10:12:27","date_gmt":"2019-10-31T09:12:27","guid":{"rendered":"http:\/\/wordpress.kssc.de\/?p=3507"},"modified":"2019-10-31T10:12:27","modified_gmt":"2019-10-31T09:12:27","slug":"sg2-ist-herbstmeister","status":"publish","type":"post","link":"http:\/\/wordpress.kssc.de\/?p=3507","title":{"rendered":"SG2 ist Herbstmeister"},"content":{"rendered":"\n<figure class=\"wp-block-image\"><img loading=\"lazy\" decoding=\"async\" width=\"1024\" height=\"576\" src=\"http:\/\/wordpress.kssc.de\/wp-content\/uploads\/2019\/10\/SG_Lensahn_Kabelhorst_II_2019-20_Herbstmeister-1024x576.jpg\" alt=\"\" class=\"wp-image-3504\" srcset=\"http:\/\/wordpress.kssc.de\/wp-content\/uploads\/2019\/10\/SG_Lensahn_Kabelhorst_II_2019-20_Herbstmeister-1024x576.jpg 1024w, http:\/\/wordpress.kssc.de\/wp-content\/uploads\/2019\/10\/SG_Lensahn_Kabelhorst_II_2019-20_Herbstmeister-300x169.jpg 300w, http:\/\/wordpress.kssc.de\/wp-content\/uploads\/2019\/10\/SG_Lensahn_Kabelhorst_II_2019-20_Herbstmeister-768x432.jpg 768w, http:\/\/wordpress.kssc.de\/wp-content\/uploads\/2019\/10\/SG_Lensahn_Kabelhorst_II_2019-20_Herbstmeister.jpg 1569w\" sizes=\"auto, (max-width: 1024px) 100vw, 1024px\" \/><figcaption>leider fehlen auf dem Foto noch einige Spieler&nbsp;&nbsp;&nbsp;&nbsp;&nbsp;&nbsp;&nbsp;&nbsp;&nbsp;&nbsp;&nbsp;&nbsp;&nbsp;&nbsp;&nbsp;&nbsp;&nbsp;&nbsp;&nbsp;&nbsp;&nbsp;&nbsp;&nbsp;&nbsp;&nbsp;&nbsp;&nbsp;&nbsp;&nbsp;&nbsp;&nbsp;&nbsp;&nbsp;&nbsp;&nbsp;&nbsp;&nbsp;&nbsp;&nbsp;&nbsp;&nbsp;&nbsp;&nbsp;&nbsp;&nbsp;&nbsp;&nbsp;&nbsp;&nbsp;&nbsp;&nbsp;&nbsp;&nbsp; &nbsp;&nbsp;&nbsp;&nbsp;&nbsp;&nbsp;&nbsp;&nbsp; Foto: Frank M\u00fcller<\/figcaption><\/figure>\n\n\n\n<div class=\"wp-block-image\"><figure class=\"alignleft is-resized\"><img loading=\"lazy\" decoding=\"async\" src=\"http:\/\/wordpress.kssc.de\/wp-content\/uploads\/2018\/08\/SG-Lensahn-Kabelhorst-Wappen.jpg\" alt=\"\" class=\"wp-image-2835\" width=\"231\" height=\"185\" srcset=\"http:\/\/wordpress.kssc.de\/wp-content\/uploads\/2018\/08\/SG-Lensahn-Kabelhorst-Wappen.jpg 557w, http:\/\/wordpress.kssc.de\/wp-content\/uploads\/2018\/08\/SG-Lensahn-Kabelhorst-Wappen-300x240.jpg 300w\" sizes=\"auto, (max-width: 231px) 100vw, 231px\" \/><\/figure><\/div>\n\n\n\n<p>Unsere <strong>SG2 Lensahn\/Kabelhorst <\/strong>von Trainer Frank M\u00fcller stand schon vor dem Spieltag als Herbstmeister der Kreisklasse C fest und war diesmal spielfrei. Noch einmal herzlichen Gl\u00fcckwunsch dazu.<\/p>\n\n\n\n<div class=\"wp-block-image\"><figure class=\"alignright is-resized\"><img loading=\"lazy\" decoding=\"async\" src=\"http:\/\/wordpress.kssc.de\/wp-content\/uploads\/2019\/10\/Hossein-576x1024.jpg\" alt=\"\" class=\"wp-image-3494\" width=\"185\" height=\"329\" srcset=\"http:\/\/wordpress.kssc.de\/wp-content\/uploads\/2019\/10\/Hossein-576x1024.jpg 576w, http:\/\/wordpress.kssc.de\/wp-content\/uploads\/2019\/10\/Hossein-169x300.jpg 169w, http:\/\/wordpress.kssc.de\/wp-content\/uploads\/2019\/10\/Hossein-768x1366.jpg 768w, http:\/\/wordpress.kssc.de\/wp-content\/uploads\/2019\/10\/Hossein.jpg 824w\" sizes=\"auto, (max-width: 185px) 100vw, 185px\" \/><figcaption>Hossein   Foto: Felix Schlikis<\/figcaption><\/figure><\/div>\n\n\n\n<p>Bei nur 11 Gegentreffern und schon 83 geschossenen Toren f\u00fchrt die SG2 mit jetzt 31 Punkten aus 11 Spielen die Tabelle der Kreisklasse C Nord an. Der derzeitige Tabellenzweite SC Cismar 2 hat bei 10 Spielen &#8222;nur&#8220;&nbsp;&nbsp;19 Punkte und 36:13 Tore!!!<\/p>\n\n\n\n<p>Neben Top-Torj\u00e4ger Hossein Ehmadi mit sagenhaften <br>24 Tore in 11 Spielen haben u.a. auch <br>Alireza Amiri (9 Tore)<br>Muhammad Sultani (8 Tore)<br>Shukrullah Safi (8 Tore) und<br>S\u00f6ren Ziesmer (6 Tore)<br>als Torsch\u00fctzen zu dem tollen Torverh\u00e4ltnis beigetragen. Nat\u00fcrlich ist das aber auch ein Verdienst der tollen Abwehr um Torh\u00fcter <br>Julius R\u00fcder.<\/p>\n\n\n\n<figure class=\"wp-block-image\"><img loading=\"lazy\" decoding=\"async\" width=\"1024\" height=\"719\" src=\"http:\/\/wordpress.kssc.de\/wp-content\/uploads\/2019\/10\/SG_Lensahn_Kabelhorst_II_2019-20-1024x719.jpg\" alt=\"\" class=\"wp-image-3515\" srcset=\"http:\/\/wordpress.kssc.de\/wp-content\/uploads\/2019\/10\/SG_Lensahn_Kabelhorst_II_2019-20-1024x719.jpg 1024w, http:\/\/wordpress.kssc.de\/wp-content\/uploads\/2019\/10\/SG_Lensahn_Kabelhorst_II_2019-20-300x211.jpg 300w, http:\/\/wordpress.kssc.de\/wp-content\/uploads\/2019\/10\/SG_Lensahn_Kabelhorst_II_2019-20-768x539.jpg 768w, http:\/\/wordpress.kssc.de\/wp-content\/uploads\/2019\/10\/SG_Lensahn_Kabelhorst_II_2019-20.jpg 1600w\" sizes=\"auto, (max-width: 1024px) 100vw, 1024px\" \/><figcaption>Foto: Frank M\u00fcller<\/figcaption><\/figure>\n\n\n\n<div class=\"wp-block-image\"><figure class=\"alignleft is-resized\"><img loading=\"lazy\" decoding=\"async\" src=\"http:\/\/wordpress.kssc.de\/wp-content\/uploads\/2019\/10\/Tabelle-SG2-am-27.10.2019.jpg\" alt=\"\" class=\"wp-image-3525\" width=\"349\" height=\"515\" srcset=\"http:\/\/wordpress.kssc.de\/wp-content\/uploads\/2019\/10\/Tabelle-SG2-am-27.10.2019.jpg 458w, http:\/\/wordpress.kssc.de\/wp-content\/uploads\/2019\/10\/Tabelle-SG2-am-27.10.2019-203x300.jpg 203w\" sizes=\"auto, (max-width: 349px) 100vw, 349px\" \/><\/figure><\/div>\n\n\n\n<div class=\"wp-block-image\"><figure class=\"aligncenter is-resized\"><img loading=\"lazy\" decoding=\"async\" src=\"http:\/\/wordpress.kssc.de\/wp-content\/uploads\/2019\/10\/SG_Lensahn_Kabelhorst_II_Tasche-1024x576.jpg\" alt=\"\" class=\"wp-image-3514\" width=\"239\" height=\"134\" srcset=\"http:\/\/wordpress.kssc.de\/wp-content\/uploads\/2019\/10\/SG_Lensahn_Kabelhorst_II_Tasche-1024x576.jpg 1024w, http:\/\/wordpress.kssc.de\/wp-content\/uploads\/2019\/10\/SG_Lensahn_Kabelhorst_II_Tasche-300x169.jpg 300w, http:\/\/wordpress.kssc.de\/wp-content\/uploads\/2019\/10\/SG_Lensahn_Kabelhorst_II_Tasche-768x432.jpg 768w, http:\/\/wordpress.kssc.de\/wp-content\/uploads\/2019\/10\/SG_Lensahn_Kabelhorst_II_Tasche-1038x576.jpg 1038w, http:\/\/wordpress.kssc.de\/wp-content\/uploads\/2019\/10\/SG_Lensahn_Kabelhorst_II_Tasche.jpg 1600w\" sizes=\"auto, (max-width: 239px) 100vw, 239px\" \/><\/figure><\/div>\n","protected":false},"excerpt":{"rendered":"<p>Unsere SG2 Lensahn\/Kabelhorst von Trainer Frank M\u00fcller stand schon vor dem Spieltag als Herbstmeister der Kreisklasse C fest und war diesmal spielfrei. Noch einmal herzlichen Gl\u00fcckwunsch dazu. Bei nur 11 &hellip; <a href=\"http:\/\/wordpress.kssc.de\/?p=3507\" class=\"more-link\"><span class=\"screen-reader-text\">SG2 ist Herbstmeister<\/span> weiterlesen <span class=\"meta-nav\">&rarr;<\/span><\/a><\/p>\n","protected":false},"author":2,"featured_media":0,"comment_status":"open","ping_status":"open","sticky":false,"template":"","format":"standard","meta":{"footnotes":""},"categories":[1],"tags":[],"class_list":["post-3507","post","type-post","status-publish","format-standard","hentry","category-uncategorized"],"_links":{"self":[{"href":"http:\/\/wordpress.kssc.de\/index.php?rest_route=\/wp\/v2\/posts\/3507","targetHints":{"allow":["GET"]}}],"collection":[{"href":"http:\/\/wordpress.kssc.de\/index.php?rest_route=\/wp\/v2\/posts"}],"about":[{"href":"http:\/\/wordpress.kssc.de\/index.php?rest_route=\/wp\/v2\/types\/post"}],"author":[{"embeddable":true,"href":"http:\/\/wordpress.kssc.de\/index.php?rest_route=\/wp\/v2\/users\/2"}],"replies":[{"embeddable":true,"href":"http:\/\/wordpress.kssc.de\/index.php?rest_route=%2Fwp%2Fv2%2Fcomments&post=3507"}],"version-history":[{"count":17,"href":"http:\/\/wordpress.kssc.de\/index.php?rest_route=\/wp\/v2\/posts\/3507\/revisions"}],"predecessor-version":[{"id":3528,"href":"http:\/\/wordpress.kssc.de\/index.php?rest_route=\/wp\/v2\/posts\/3507\/revisions\/3528"}],"wp:attachment":[{"href":"http:\/\/wordpress.kssc.de\/index.php?rest_route=%2Fwp%2Fv2%2Fmedia&parent=3507"}],"wp:term":[{"taxonomy":"category","embeddable":true,"href":"http:\/\/wordpress.kssc.de\/index.php?rest_route=%2Fwp%2Fv2%2Fcategories&post=3507"},{"taxonomy":"post_tag","embeddable":true,"href":"http:\/\/wordpress.kssc.de\/index.php?rest_route=%2Fwp%2Fv2%2Ftags&post=3507"}],"curies":[{"name":"wp","href":"https:\/\/api.w.org\/{rel}","templated":true}]}}